{"id":2046,"date":"2019-02-03T12:51:18","date_gmt":"2019-02-03T12:51:18","guid":{"rendered":"http:\/\/albertmaso.com\/w\/?p=2046"},"modified":"2019-02-03T12:54:04","modified_gmt":"2019-02-03T12:54:04","slug":"congreso-margalef","status":"publish","type":"post","link":"https:\/\/albertmaso.com\/w\/congreso-margalef\/","title":{"rendered":"CONGRESO DE ECOLOG\u00cdA DEDICADO AL Dr. MARGALEF"},"content":{"rendered":"\n<p>\n\nDel&nbsp;<strong>4 al 7 de febrero<\/strong>, coincidiendo con el centenario del nacimiento del Dr. Ramon Margalef, se celebra el 1er congreso de la&nbsp;<em>Sociedad Ib\u00e9rica de Ecolog\u00eda<\/em>: \u00ab<strong><a href=\"http:\/\/congresosociedadibericaecologia2019.net\/\" target=\"_blank\" rel=\"noreferrer noopener\">Ecology: an Integrative science in the Anthropocene<\/a><\/strong>\u00ab. Tendr\u00e1 lugar en la&nbsp;<em>Facultad de Biolog\u00eda<\/em>&nbsp;de la Universidad de&nbsp;<strong>Barcelona<\/strong>&nbsp;(Diagonal, 645) y ha tenido un \u00e9xito sin precedentes: \u00a1m\u00e1s de 800 inscritos! Tengo el honor de que hayan admitido mi contribuci\u00f3n, y no como p\u00f3ster, sino como presentaci\u00f3n oral, en la sesi\u00f3n \u00abEl legado del Dr. Margalef \u00ab. El t\u00edtulo es HOW BUTTERFLIES INCREASE IN SIZE: WING SURFACE AND SCALES IN A DISCONTINUOUS SCENARIO, realizada conjuntamente con los doctores&nbsp;<strong>Javier Romero<\/strong>,<strong>&nbsp;Joaqu\u00edn Baixeras&nbsp;<\/strong>y<strong>&nbsp;Josep Maria Oller<\/strong>. Sale publicada en el&nbsp;<em>Abstract Book<\/em>, en la p\u00e1gina 296. Dar\u00e9 la conferencia en la sala&nbsp;<strong>M-6<\/strong>&nbsp;el&nbsp;<strong>martes, 5 de febrero<\/strong>, a las&nbsp;<strong>19:00<\/strong>. Aqu\u00ed ten\u00e9is el&nbsp;<a href=\"http:\/\/congresosociedadibericaecologia2019.net\/Resources\/HtmlRes\/Files\/SIBECOL_Handprogram_WEB.PDF\" target=\"_blank\" rel=\"noreferrer noopener\">programa completo<\/a>. Adem\u00e1s, me han encargado que haga el reportaje fotogr\u00e1fico de todo el congreso.\n\n<\/p>\n\n\n\n<div class=\"wp-block-image\"><figure class=\"aligncenter\"><img decoding=\"async\" loading=\"lazy\" width=\"231\" height=\"347\" src=\"http:\/\/albertmaso.com\/w\/wp-content\/uploads\/2019\/02\/1.jpg\" alt=\"\" class=\"wp-image-2048\" srcset=\"https:\/\/albertmaso.com\/w\/wp-content\/uploads\/2019\/02\/1.jpg 231w, https:\/\/albertmaso.com\/w\/wp-content\/uploads\/2019\/02\/1-200x300.jpg 200w\" sizes=\"(max-width: 231px) 100vw, 231px\" \/><\/figure><\/div>\n","protected":false},"excerpt":{"rendered":"<p>Del&nbsp;4 al 7 de febrero, coincidiendo con el centenario del nacimiento del Dr. Ramon Margalef, se celebra el 1er congreso de la&nbsp;Sociedad Ib\u00e9rica de Ecolog\u00eda: \u00abEcology: an Integrative science in the Anthropocene\u00ab. Tendr\u00e1 lugar en la&nbsp;Facultad de Biolog\u00eda&nbsp;de la Universidad de&nbsp;Barcelona&nbsp;(Diagonal, 645) y ha tenido un \u00e9xito sin precedentes: \u00a1m\u00e1s de 800 inscritos! Tengo el [&hellip;]<\/p>\n","protected":false},"author":1,"featured_media":2047,"comment_status":"closed","ping_status":"closed","sticky":false,"template":"","format":"standard","meta":[],"categories":[1],"tags":[],"_links":{"self":[{"href":"https:\/\/albertmaso.com\/w\/wp-json\/wp\/v2\/posts\/2046"}],"collection":[{"href":"https:\/\/albertmaso.com\/w\/wp-json\/wp\/v2\/posts"}],"about":[{"href":"https:\/\/albertmaso.com\/w\/wp-json\/wp\/v2\/types\/post"}],"author":[{"embeddable":true,"href":"https:\/\/albertmaso.com\/w\/wp-json\/wp\/v2\/users\/1"}],"replies":[{"embeddable":true,"href":"https:\/\/albertmaso.com\/w\/wp-json\/wp\/v2\/comments?post=2046"}],"version-history":[{"count":2,"href":"https:\/\/albertmaso.com\/w\/wp-json\/wp\/v2\/posts\/2046\/revisions"}],"predecessor-version":[{"id":2051,"href":"https:\/\/albertmaso.com\/w\/wp-json\/wp\/v2\/posts\/2046\/revisions\/2051"}],"wp:featuredmedia":[{"embeddable":true,"href":"https:\/\/albertmaso.com\/w\/wp-json\/wp\/v2\/media\/2047"}],"wp:attachment":[{"href":"https:\/\/albertmaso.com\/w\/wp-json\/wp\/v2\/media?parent=2046"}],"wp:term":[{"taxonomy":"category","embeddable":true,"href":"https:\/\/albertmaso.com\/w\/wp-json\/wp\/v2\/categories?post=2046"},{"taxonomy":"post_tag","embeddable":true,"href":"https:\/\/albertmaso.com\/w\/wp-json\/wp\/v2\/tags?post=2046"}],"curies":[{"name":"wp","href":"https:\/\/api.w.org\/{rel}","templated":true}]}}